{"id":909,"date":"2024-02-25T20:31:22","date_gmt":"2024-02-25T18:31:22","guid":{"rendered":"https:\/\/www.clinicasalvans.com\/?p=909"},"modified":"2025-11-07T17:38:17","modified_gmt":"2025-11-07T15:38:17","slug":"909","status":"publish","type":"post","link":"https:\/\/www.clinicasalvans.com\/es\/909\/","title":{"rendered":"LA HERNIA DISCAL EN EL DOLOR LUMBAR"},"content":{"rendered":"<p>El dolor lumbar es una <a href=\"https:\/\/pubmed.ncbi.nlm.nih.gov\/18803929\/\">causa de invalidez<\/a> en el mundo occidental muy importante, por esto su tratamiento es objeto de estudio constantes. La hernia discal es uno de los muchos motivos por lo que consultan los pacientes a nuestra cl\u00ednica.<\/p>\n<p>\u00bfCu\u00e1l es su historia?, \u00bfC\u00f3mo se forma?, \u00bfQu\u00e9 hacemos para llegar a tener una hernia discal?<\/p>\n<p>&nbsp;<\/p>\n<p>La <a href=\"https:\/\/www.ncbi.nlm.nih.gov\/pmc\/articles\/PMC4808500\/\">columna lumbar est\u00e1 formada<\/a> por muchas estructuras: huesos, ligamentos, articulaciones, m\u00fasculos, y discos intervertebrales. Est\u00e1 formada por unidades superpuestas y funciona como una cadena de movimiento.<\/p>\n<p>&nbsp;<\/p>\n<p>Cuando se produce la degeneraci\u00f3n de la columna vertebral empieza en un segmento y se van degenerando todas las estructuras progresivamente en segmentos contiguos.<\/p>\n<p>&nbsp;<\/p>\n<p>Se han llevado a cabo \u00faltimamente estudios biomec\u00e1nicos para averiguar que estructura falla primero. Si primero falla el disco intervertebral, disminuye la altura y por consiguiente se aflojan los ligamentos.<\/p>\n<p>&nbsp;<\/p>\n<p>Tambi\u00e9n se contempla la opci\u00f3n de que fallan los ligamentos, el disco tiene que absorber mayor parte de las fuerzas de la columna y esto lo lleva degenerar-se m\u00e1s y a herniar-se.<\/p>\n<p>&nbsp;<\/p>\n<p>En <a href=\"http:\/\/WWW.CLINICASALVANS.COM\">Cl\u00ednica Salvans<\/a> especialistas en dolor muscular y articular, en Manresa (Barcelona), tratamos todas las estructuras como una unidad funcional con Medicina Regenerativa: facetas, ligamentos y discos. \u00a0\u00a0TRATAMIENTO COMPLETO.<\/p>\n<p>&nbsp;<\/p>\n<p>Aprovechamos para anunciarles nuestro nuevo espacio en CARRETERA PONT DE VILOMARA 1, ENTL 1. MANRESA (BARCELONA). TEL\u00c9FONO: 640 99 30 49.<\/p>\n","protected":false},"excerpt":{"rendered":"<p>El dolor lumbar es una causa de invalidez en el mundo occidental muy importante, por esto su tratamiento es objeto de estudio constantes. La hernia discal es uno de los muchos motivos por lo que consultan los pacientes a nuestra cl\u00ednica. \u00bfCu\u00e1l es su historia?, \u00bfC\u00f3mo se forma?, \u00bfQu\u00e9 hacemos<span class=\"excerpt-hellip\"> [\u2026]<\/span><\/p>\n","protected":false},"author":2,"featured_media":910,"comment_status":"closed","ping_status":"closed","sticky":false,"template":"","format":"standard","meta":{"_acf_changed":false,"inline_featured_image":false,"footnotes":""},"categories":[4],"tags":[],"acf":[],"yoast_head":"<!-- This site is optimized with the Yoast SEO plugin v22.0 - https:\/\/yoast.com\/wordpress\/plugins\/seo\/ -->\n<title>LA HERNIA DISCAL EN EL DOLOR LUMBAR - Clinica Salvans<\/title>\n<meta name=\"robots\" content=\"index, follow, max-snippet:-1, max-image-preview:large, max-video-preview:-1\" \/>\n<link rel=\"canonical\" href=\"https:\/\/www.clinicasalvans.com\/es\/909\/\" \/>\n<meta property=\"og:locale\" content=\"es_ES\" \/>\n<meta property=\"og:type\" content=\"article\" \/>\n<meta property=\"og:title\" content=\"LA HERNIA DISCAL EN EL DOLOR LUMBAR - Clinica Salvans\" \/>\n<meta property=\"og:description\" content=\"El dolor lumbar es una causa de invalidez en el mundo occidental muy importante, por esto su tratamiento es objeto de estudio constantes. La hernia discal es uno de los muchos motivos por lo que consultan los pacientes a nuestra cl\u00ednica. \u00bfCu\u00e1l es su historia?, \u00bfC\u00f3mo se forma?, \u00bfQu\u00e9 hacemos [\u2026]\" \/>\n<meta property=\"og:url\" content=\"https:\/\/www.clinicasalvans.com\/es\/909\/\" \/>\n<meta property=\"og:site_name\" content=\"Clinica Salvans\" \/>\n<meta property=\"article:published_time\" content=\"2024-02-25T18:31:22+00:00\" \/>\n<meta property=\"article:modified_time\" content=\"2025-11-07T15:38:17+00:00\" \/>\n<meta property=\"og:image\" content=\"https:\/\/www.clinicasalvans.com\/wp-content\/uploads\/2024\/02\/ligamentos.webp\" \/>\n\t<meta property=\"og:image:width\" content=\"288\" \/>\n\t<meta property=\"og:image:height\" content=\"273\" \/>\n\t<meta property=\"og:image:type\" content=\"image\/webp\" \/>\n<meta name=\"author\" content=\"Dra. Maria Merc\u00e8 Salvans Bartrons\" \/>\n<meta name=\"twitter:card\" content=\"summary_large_image\" \/>\n<meta name=\"twitter:label1\" content=\"Escrito por\" \/>\n\t<meta name=\"twitter:data1\" content=\"Dra. Maria Merc\u00e8 Salvans Bartrons\" \/>\n\t<meta name=\"twitter:label2\" content=\"Tiempo de lectura\" \/>\n\t<meta name=\"twitter:data2\" content=\"2 minutos\" \/>\n<script type=\"application\/ld+json\" class=\"yoast-schema-graph\">{\"@context\":\"https:\/\/schema.org\",\"@graph\":[{\"@type\":\"WebPage\",\"@id\":\"https:\/\/www.clinicasalvans.com\/es\/909\/\",\"url\":\"https:\/\/www.clinicasalvans.com\/es\/909\/\",\"name\":\"LA HERNIA DISCAL EN EL DOLOR LUMBAR - Clinica Salvans\",\"isPartOf\":{\"@id\":\"https:\/\/www.clinicasalvans.com\/es\/#website\"},\"datePublished\":\"2024-02-25T18:31:22+00:00\",\"dateModified\":\"2025-11-07T15:38:17+00:00\",\"author\":{\"@id\":\"https:\/\/www.clinicasalvans.com\/es\/#\/schema\/person\/f5d4b9ad0157dbcf863314033417907f\"},\"breadcrumb\":{\"@id\":\"https:\/\/www.clinicasalvans.com\/es\/909\/#breadcrumb\"},\"inLanguage\":\"es\",\"potentialAction\":[{\"@type\":\"ReadAction\",\"target\":[\"https:\/\/www.clinicasalvans.com\/es\/909\/\"]}]},{\"@type\":\"BreadcrumbList\",\"@id\":\"https:\/\/www.clinicasalvans.com\/es\/909\/#breadcrumb\",\"itemListElement\":[{\"@type\":\"ListItem\",\"position\":1,\"name\":\"Inici\",\"item\":\"https:\/\/www.clinicasalvans.com\/\"},{\"@type\":\"ListItem\",\"position\":2,\"name\":\"LA HERNIA DISCAL EN EL DOLOR LUMBAR\"}]},{\"@type\":\"WebSite\",\"@id\":\"https:\/\/www.clinicasalvans.com\/es\/#website\",\"url\":\"https:\/\/www.clinicasalvans.com\/es\/\",\"name\":\"Clinica Salvans\",\"description\":\"Cl\u00ednica a Manresa especialitzada en dolor muscular i articular\",\"potentialAction\":[{\"@type\":\"SearchAction\",\"target\":{\"@type\":\"EntryPoint\",\"urlTemplate\":\"https:\/\/www.clinicasalvans.com\/es\/?s={search_term_string}\"},\"query-input\":\"required name=search_term_string\"}],\"inLanguage\":\"es\"},{\"@type\":\"Person\",\"@id\":\"https:\/\/www.clinicasalvans.com\/es\/#\/schema\/person\/f5d4b9ad0157dbcf863314033417907f\",\"name\":\"Dra. Maria Merc\u00e8 Salvans Bartrons\",\"image\":{\"@type\":\"ImageObject\",\"inLanguage\":\"es\",\"@id\":\"https:\/\/www.clinicasalvans.com\/es\/#\/schema\/person\/image\/\",\"url\":\"https:\/\/www.clinicasalvans.com\/wp-content\/uploads\/2024\/04\/Dra.-Maria-Merce-Salvans-Bartrons.jpg\",\"contentUrl\":\"https:\/\/www.clinicasalvans.com\/wp-content\/uploads\/2024\/04\/Dra.-Maria-Merce-Salvans-Bartrons.jpg\",\"caption\":\"Dra. Maria Merc\u00e8 Salvans Bartrons\"},\"description\":\"N\u00fam de col\u00b7legiada: 38395. Durant m\u00e9s de 20 anys d'experi\u00e8ncia he pogut ajudar a m\u00e9s de 5000 pacients a controlar el seu dolor i gaudir m\u00e9s de la seva vida.\"}]}<\/script>\n<!-- \/ Yoast SEO plugin. -->","yoast_head_json":{"title":"LA HERNIA DISCAL EN EL DOLOR LUMBAR - Clinica Salvans","robots":{"index":"index","follow":"follow","max-snippet":"max-snippet:-1","max-image-preview":"max-image-preview:large","max-video-preview":"max-video-preview:-1"},"canonical":"https:\/\/www.clinicasalvans.com\/es\/909\/","og_locale":"es_ES","og_type":"article","og_title":"LA HERNIA DISCAL EN EL DOLOR LUMBAR - Clinica Salvans","og_description":"El dolor lumbar es una causa de invalidez en el mundo occidental muy importante, por esto su tratamiento es objeto de estudio constantes. La hernia discal es uno de los muchos motivos por lo que consultan los pacientes a nuestra cl\u00ednica. \u00bfCu\u00e1l es su historia?, \u00bfC\u00f3mo se forma?, \u00bfQu\u00e9 hacemos [\u2026]","og_url":"https:\/\/www.clinicasalvans.com\/es\/909\/","og_site_name":"Clinica Salvans","article_published_time":"2024-02-25T18:31:22+00:00","article_modified_time":"2025-11-07T15:38:17+00:00","og_image":[{"width":288,"height":273,"url":"https:\/\/www.clinicasalvans.com\/wp-content\/uploads\/2024\/02\/ligamentos.webp","type":"image\/webp"}],"author":"Dra. Maria Merc\u00e8 Salvans Bartrons","twitter_card":"summary_large_image","twitter_misc":{"Escrito por":"Dra. Maria Merc\u00e8 Salvans Bartrons","Tiempo de lectura":"2 minutos"},"schema":{"@context":"https:\/\/schema.org","@graph":[{"@type":"WebPage","@id":"https:\/\/www.clinicasalvans.com\/es\/909\/","url":"https:\/\/www.clinicasalvans.com\/es\/909\/","name":"LA HERNIA DISCAL EN EL DOLOR LUMBAR - Clinica Salvans","isPartOf":{"@id":"https:\/\/www.clinicasalvans.com\/es\/#website"},"datePublished":"2024-02-25T18:31:22+00:00","dateModified":"2025-11-07T15:38:17+00:00","author":{"@id":"https:\/\/www.clinicasalvans.com\/es\/#\/schema\/person\/f5d4b9ad0157dbcf863314033417907f"},"breadcrumb":{"@id":"https:\/\/www.clinicasalvans.com\/es\/909\/#breadcrumb"},"inLanguage":"es","potentialAction":[{"@type":"ReadAction","target":["https:\/\/www.clinicasalvans.com\/es\/909\/"]}]},{"@type":"BreadcrumbList","@id":"https:\/\/www.clinicasalvans.com\/es\/909\/#breadcrumb","itemListElement":[{"@type":"ListItem","position":1,"name":"Inici","item":"https:\/\/www.clinicasalvans.com\/"},{"@type":"ListItem","position":2,"name":"LA HERNIA DISCAL EN EL DOLOR LUMBAR"}]},{"@type":"WebSite","@id":"https:\/\/www.clinicasalvans.com\/es\/#website","url":"https:\/\/www.clinicasalvans.com\/es\/","name":"Clinica Salvans","description":"Cl\u00ednica a Manresa especialitzada en dolor muscular i articular","potentialAction":[{"@type":"SearchAction","target":{"@type":"EntryPoint","urlTemplate":"https:\/\/www.clinicasalvans.com\/es\/?s={search_term_string}"},"query-input":"required name=search_term_string"}],"inLanguage":"es"},{"@type":"Person","@id":"https:\/\/www.clinicasalvans.com\/es\/#\/schema\/person\/f5d4b9ad0157dbcf863314033417907f","name":"Dra. Maria Merc\u00e8 Salvans Bartrons","image":{"@type":"ImageObject","inLanguage":"es","@id":"https:\/\/www.clinicasalvans.com\/es\/#\/schema\/person\/image\/","url":"https:\/\/www.clinicasalvans.com\/wp-content\/uploads\/2024\/04\/Dra.-Maria-Merce-Salvans-Bartrons.jpg","contentUrl":"https:\/\/www.clinicasalvans.com\/wp-content\/uploads\/2024\/04\/Dra.-Maria-Merce-Salvans-Bartrons.jpg","caption":"Dra. Maria Merc\u00e8 Salvans Bartrons"},"description":"N\u00fam de col\u00b7legiada: 38395. Durant m\u00e9s de 20 anys d'experi\u00e8ncia he pogut ajudar a m\u00e9s de 5000 pacients a controlar el seu dolor i gaudir m\u00e9s de la seva vida."}]}},"_links":{"self":[{"href":"https:\/\/www.clinicasalvans.com\/es\/wp-json\/wp\/v2\/posts\/909"}],"collection":[{"href":"https:\/\/www.clinicasalvans.com\/es\/wp-json\/wp\/v2\/posts"}],"about":[{"href":"https:\/\/www.clinicasalvans.com\/es\/wp-json\/wp\/v2\/types\/post"}],"author":[{"embeddable":true,"href":"https:\/\/www.clinicasalvans.com\/es\/wp-json\/wp\/v2\/users\/2"}],"replies":[{"embeddable":true,"href":"https:\/\/www.clinicasalvans.com\/es\/wp-json\/wp\/v2\/comments?post=909"}],"version-history":[{"count":4,"href":"https:\/\/www.clinicasalvans.com\/es\/wp-json\/wp\/v2\/posts\/909\/revisions"}],"predecessor-version":[{"id":1259,"href":"https:\/\/www.clinicasalvans.com\/es\/wp-json\/wp\/v2\/posts\/909\/revisions\/1259"}],"wp:featuredmedia":[{"embeddable":true,"href":"https:\/\/www.clinicasalvans.com\/es\/wp-json\/wp\/v2\/media\/910"}],"wp:attachment":[{"href":"https:\/\/www.clinicasalvans.com\/es\/wp-json\/wp\/v2\/media?parent=909"}],"wp:term":[{"taxonomy":"category","embeddable":true,"href":"https:\/\/www.clinicasalvans.com\/es\/wp-json\/wp\/v2\/categories?post=909"},{"taxonomy":"post_tag","embeddable":true,"href":"https:\/\/www.clinicasalvans.com\/es\/wp-json\/wp\/v2\/tags?post=909"}],"curies":[{"name":"wp","href":"https:\/\/api.w.org\/{rel}","templated":true}]}}